{"id":11560,"date":"2021-03-02T20:53:06","date_gmt":"2021-03-02T20:53:06","guid":{"rendered":"https:\/\/advancedentalcostarica.com\/?p=11560"},"modified":"2021-03-02T20:57:48","modified_gmt":"2021-03-02T20:57:48","slug":"salud-de-las-encias-y-el-embarazo","status":"publish","type":"post","link":"https:\/\/www.advancedentalcostarica.com\/es\/salud-de-las-encias-y-el-embarazo\/","title":{"rendered":"Salud de las Enc\u00edas y el Embarazo"},"content":{"rendered":"<p>Las mujeres embarazadas, o las que planean estarlo, deben prestar especial atenci\u00f3n a sus enc\u00edas. Cualquier persona puede desarrollar <a href=\"https:\/\/advancedentalcostarica.com\/es\/periodoncia-costa-rica\/\">enfermedades de las enc\u00edas<\/a>, pero las mujeres embarazadas, a causa de los cambios hormonales, se vuelven m\u00e1s susceptibles a la acumulaci\u00f3n de placa bacteriana en sus dientes.<\/p>\n<p>Com\u00fanmente en el segundo o tercer mes de embarazo, muchas mujeres pueden notar inflamaci\u00f3n, sangrado, enrojecimiento y dolor en sus enc\u00edas. Esta condici\u00f3n se conoce como \u201cgingivitis del embarazo\u201d, pues \u201cgingivitis\u201d significa \u201cinflamaci\u00f3n en las enc\u00edas\u201d. Si no se recibe tratamiento, la severidad puede ir incrementando hacia el octavo mes, llegando incluso a desarrollar \u201cperiodontitis\u201d, en donde la inflamaci\u00f3n penetra m\u00e1s profundo, afectando el hueso que sostiene los dientes.<\/p>\n<p>Para prevenir esta situaci\u00f3n, hay dos puntos claves: consultar con su odont\u00f3logo antes de embarazarse (o en todo caso apenas lo sepa!), y mantener una excelente higiene oral diaria. Lo que se sabe es que si una mujer inicia su embarazo con buena salud bucal, probablemente no tenga mayores complicaciones; y lo contrario si se embaraza con enc\u00edas ya afectadas. La valoraci\u00f3n profesional es particularmente importante porque los problemas de enc\u00eda no duelen ni son muy evidentes para el que las padece sino hasta sus etapas m\u00e1s avanzadas.<\/p>\n<p>En el segundo trimestre, tenga nuevamente una limpieza y una revisi\u00f3n. No hay contraindicaci\u00f3n para estos tratamientos por estar embarazada, al contrario, son altamente recomendados por las razones ya discutidas. Si se encontraran alteraciones de enc\u00eda, es importante recalcar que s\u00ed es posible recibir tratamiento; dependiendo del momento del embarazo y de la severidad de la condici\u00f3n, se decidir\u00e1 qu\u00e9 parte del tratamiento se hace en forma inmediata, para aliviar y frenar el avance de la enfermedad, y que parte del mismo se deja para luego del parto.<\/p>\n<p>Para concluir, si todav\u00eda necesita m\u00e1s razones para ponerle atenci\u00f3n a sus enc\u00edas, aqu\u00ed hay dos m\u00e1s. Lo que ya se viene citando en la literatura hace bastante tiempo y con m\u00faltiples evidencias, es que las mujeres embarazadas con enfermedad de las enc\u00edas tienen m\u00e1s partos prematuros que las que tienen enc\u00edas sanas, y con ello, beb\u00e9s de m\u00e1s bajo peso al nacer. Otra raz\u00f3n para considerar: investigaciones sugieren que lograr un embarazo puede tardarle un promedio de 2 meses m\u00e1s a mujeres con enfermedad de las enc\u00edas comparado con mujeres con enc\u00edas sanas. P\u00f3ngale por favor atenci\u00f3n a esta informaci\u00f3n. Es por el bien suyo y el de su futuro hijo.<\/p>\n<p>Dra.Rossie Brender<br \/>\nEspecialista en Periodoncia<\/p>\n<p>Art\u00edculo de inter\u00e9s:<br \/>\n<a href=\"https:\/\/advancedentalcostarica.com\/es\/que-es-la-tecnica-quirurgica-pinhole\/\">\u00bfQUE ES LA TECNICA QUIRURGICA PINHOLE?<\/a><\/p>\n","protected":false},"excerpt":{"rendered":"<p>Las mujeres embarazadas, o las que planean estarlo, deben prestar especial atenci\u00f3n a sus enc\u00edas. Cualquier persona puede desarrollar enfermedades de las enc\u00edas, pero las mujeres embarazadas, a causa de los cambios hormonales, se vuelven m\u00e1s susceptibles a la acumulaci\u00f3n de placa bacteriana en sus dientes. Com\u00fanmente en el segundo o tercer mes de embarazo,&#8230;<\/p>\n","protected":false},"author":1,"featured_media":11561,"comment_status":"open","ping_status":"open","sticky":false,"template":"","format":"standard","meta":{"footnotes":""},"categories":[102],"tags":[],"class_list":["post-11560","post","type-post","status-publish","format-standard","has-post-thumbnail","hentry","category-articulos"],"yoast_head":"<!-- This site is optimized with the Yoast SEO plugin v27.4 - https:\/\/yoast.com\/product\/yoast-seo-wordpress\/ -->\n<title>Salud de las Enc\u00edas y el Embarazo - Advance Dental Costa Rica<\/title>\n<meta name=\"robots\" content=\"index, follow, max-snippet:-1, max-image-preview:large, max-video-preview:-1\" \/>\n<link rel=\"canonical\" href=\"https:\/\/www.advancedentalcostarica.com\/es\/salud-de-las-encias-y-el-embarazo\/\" \/>\n<meta property=\"og:locale\" content=\"es_ES\" \/>\n<meta property=\"og:type\" content=\"article\" \/>\n<meta property=\"og:title\" content=\"Salud de las Enc\u00edas y el Embarazo - Advance Dental Costa Rica\" \/>\n<meta property=\"og:description\" content=\"Las mujeres embarazadas, o las que planean estarlo, deben prestar especial atenci\u00f3n a sus enc\u00edas. Cualquier persona puede desarrollar enfermedades de las enc\u00edas, pero las mujeres embarazadas, a causa de los cambios hormonales, se vuelven m\u00e1s susceptibles a la acumulaci\u00f3n de placa bacteriana en sus dientes. Com\u00fanmente en el segundo o tercer mes de embarazo,...\" \/>\n<meta property=\"og:url\" content=\"https:\/\/www.advancedentalcostarica.com\/es\/salud-de-las-encias-y-el-embarazo\/\" \/>\n<meta property=\"og:site_name\" content=\"Advance Dental Costa Rica\" \/>\n<meta property=\"article:published_time\" content=\"2021-03-02T20:53:06+00:00\" \/>\n<meta property=\"article:modified_time\" content=\"2021-03-02T20:57:48+00:00\" \/>\n<meta property=\"og:image\" content=\"https:\/\/www.advancedentalcostarica.com\/wp-content\/uploads\/2021\/03\/salud-de-las-encias-y-el-embarazo.jpg\" \/>\n\t<meta property=\"og:image:width\" content=\"650\" \/>\n\t<meta property=\"og:image:height\" content=\"434\" \/>\n\t<meta property=\"og:image:type\" content=\"image\/jpeg\" \/>\n<meta name=\"author\" content=\"Advance Dental\" \/>\n<meta name=\"twitter:label1\" content=\"Written by\" \/>\n\t<meta name=\"twitter:data1\" content=\"Advance Dental\" \/>\n\t<meta name=\"twitter:label2\" content=\"Est. reading time\" \/>\n\t<meta name=\"twitter:data2\" content=\"2 minutos\" \/>\n<script type=\"application\/ld+json\" class=\"yoast-schema-graph\">{\"@context\":\"https:\\\/\\\/schema.org\",\"@graph\":[{\"@type\":\"Article\",\"@id\":\"https:\\\/\\\/www.advancedentalcostarica.com\\\/es\\\/salud-de-las-encias-y-el-embarazo\\\/#article\",\"isPartOf\":{\"@id\":\"https:\\\/\\\/www.advancedentalcostarica.com\\\/es\\\/salud-de-las-encias-y-el-embarazo\\\/\"},\"author\":{\"name\":\"Advance Dental\",\"@id\":\"https:\\\/\\\/advancedentalcostarica.com\\\/#\\\/schema\\\/person\\\/ea1d113c0e760338d48223fa9c70749a\"},\"headline\":\"Salud de las Enc\u00edas y el Embarazo\",\"datePublished\":\"2021-03-02T20:53:06+00:00\",\"dateModified\":\"2021-03-02T20:57:48+00:00\",\"mainEntityOfPage\":{\"@id\":\"https:\\\/\\\/www.advancedentalcostarica.com\\\/es\\\/salud-de-las-encias-y-el-embarazo\\\/\"},\"wordCount\":468,\"commentCount\":0,\"image\":{\"@id\":\"https:\\\/\\\/www.advancedentalcostarica.com\\\/es\\\/salud-de-las-encias-y-el-embarazo\\\/#primaryimage\"},\"thumbnailUrl\":\"https:\\\/\\\/www.advancedentalcostarica.com\\\/wp-content\\\/uploads\\\/2021\\\/03\\\/salud-de-las-encias-y-el-embarazo.jpg\",\"articleSection\":[\"Articulos\"],\"inLanguage\":\"es-CR\",\"potentialAction\":[{\"@type\":\"CommentAction\",\"name\":\"Comment\",\"target\":[\"https:\\\/\\\/www.advancedentalcostarica.com\\\/es\\\/salud-de-las-encias-y-el-embarazo\\\/#respond\"]}]},{\"@type\":\"WebPage\",\"@id\":\"https:\\\/\\\/www.advancedentalcostarica.com\\\/es\\\/salud-de-las-encias-y-el-embarazo\\\/\",\"url\":\"https:\\\/\\\/www.advancedentalcostarica.com\\\/es\\\/salud-de-las-encias-y-el-embarazo\\\/\",\"name\":\"Salud de las Enc\u00edas y el Embarazo - Advance Dental Costa Rica\",\"isPartOf\":{\"@id\":\"https:\\\/\\\/advancedentalcostarica.com\\\/#website\"},\"primaryImageOfPage\":{\"@id\":\"https:\\\/\\\/www.advancedentalcostarica.com\\\/es\\\/salud-de-las-encias-y-el-embarazo\\\/#primaryimage\"},\"image\":{\"@id\":\"https:\\\/\\\/www.advancedentalcostarica.com\\\/es\\\/salud-de-las-encias-y-el-embarazo\\\/#primaryimage\"},\"thumbnailUrl\":\"https:\\\/\\\/www.advancedentalcostarica.com\\\/wp-content\\\/uploads\\\/2021\\\/03\\\/salud-de-las-encias-y-el-embarazo.jpg\",\"datePublished\":\"2021-03-02T20:53:06+00:00\",\"dateModified\":\"2021-03-02T20:57:48+00:00\",\"author\":{\"@id\":\"https:\\\/\\\/advancedentalcostarica.com\\\/#\\\/schema\\\/person\\\/ea1d113c0e760338d48223fa9c70749a\"},\"breadcrumb\":{\"@id\":\"https:\\\/\\\/www.advancedentalcostarica.com\\\/es\\\/salud-de-las-encias-y-el-embarazo\\\/#breadcrumb\"},\"inLanguage\":\"es-CR\",\"potentialAction\":[{\"@type\":\"ReadAction\",\"target\":[\"https:\\\/\\\/www.advancedentalcostarica.com\\\/es\\\/salud-de-las-encias-y-el-embarazo\\\/\"]}]},{\"@type\":\"ImageObject\",\"inLanguage\":\"es-CR\",\"@id\":\"https:\\\/\\\/www.advancedentalcostarica.com\\\/es\\\/salud-de-las-encias-y-el-embarazo\\\/#primaryimage\",\"url\":\"https:\\\/\\\/www.advancedentalcostarica.com\\\/wp-content\\\/uploads\\\/2021\\\/03\\\/salud-de-las-encias-y-el-embarazo.jpg\",\"contentUrl\":\"https:\\\/\\\/www.advancedentalcostarica.com\\\/wp-content\\\/uploads\\\/2021\\\/03\\\/salud-de-las-encias-y-el-embarazo.jpg\",\"width\":650,\"height\":434,\"caption\":\"Salud de las Enc\u00edas y el Embarazo\"},{\"@type\":\"BreadcrumbList\",\"@id\":\"https:\\\/\\\/www.advancedentalcostarica.com\\\/es\\\/salud-de-las-encias-y-el-embarazo\\\/#breadcrumb\",\"itemListElement\":[{\"@type\":\"ListItem\",\"position\":1,\"name\":\"Home\",\"item\":\"https:\\\/\\\/www.advancedentalcostarica.com\\\/es\\\/\"},{\"@type\":\"ListItem\",\"position\":2,\"name\":\"Salud de las Enc\u00edas y el Embarazo\"}]},{\"@type\":\"WebSite\",\"@id\":\"https:\\\/\\\/advancedentalcostarica.com\\\/#website\",\"url\":\"https:\\\/\\\/advancedentalcostarica.com\\\/\",\"name\":\"Advance Dental Costa Rica\",\"description\":\"Dental Costs in Costa Rica - Procedures Prices\",\"potentialAction\":[{\"@type\":\"SearchAction\",\"target\":{\"@type\":\"EntryPoint\",\"urlTemplate\":\"https:\\\/\\\/advancedentalcostarica.com\\\/?s={search_term_string}\"},\"query-input\":{\"@type\":\"PropertyValueSpecification\",\"valueRequired\":true,\"valueName\":\"search_term_string\"}}],\"inLanguage\":\"es-CR\"},{\"@type\":\"Person\",\"@id\":\"https:\\\/\\\/advancedentalcostarica.com\\\/#\\\/schema\\\/person\\\/ea1d113c0e760338d48223fa9c70749a\",\"name\":\"Advance Dental\",\"image\":{\"@type\":\"ImageObject\",\"inLanguage\":\"es-CR\",\"@id\":\"https:\\\/\\\/secure.gravatar.com\\\/avatar\\\/9807cd256cdcef675e07e173dfe4364a8eb716f8b176e23c62f91d6b4699781f?s=96&d=mm&r=g\",\"url\":\"https:\\\/\\\/secure.gravatar.com\\\/avatar\\\/9807cd256cdcef675e07e173dfe4364a8eb716f8b176e23c62f91d6b4699781f?s=96&d=mm&r=g\",\"contentUrl\":\"https:\\\/\\\/secure.gravatar.com\\\/avatar\\\/9807cd256cdcef675e07e173dfe4364a8eb716f8b176e23c62f91d6b4699781f?s=96&d=mm&r=g\",\"caption\":\"Advance Dental\"}}]}<\/script>\n<!-- \/ Yoast SEO plugin. -->","yoast_head_json":{"title":"Salud de las Enc\u00edas y el Embarazo - Advance Dental Costa Rica","robots":{"index":"index","follow":"follow","max-snippet":"max-snippet:-1","max-image-preview":"max-image-preview:large","max-video-preview":"max-video-preview:-1"},"canonical":"https:\/\/www.advancedentalcostarica.com\/es\/salud-de-las-encias-y-el-embarazo\/","og_locale":"es_ES","og_type":"article","og_title":"Salud de las Enc\u00edas y el Embarazo - Advance Dental Costa Rica","og_description":"Las mujeres embarazadas, o las que planean estarlo, deben prestar especial atenci\u00f3n a sus enc\u00edas. Cualquier persona puede desarrollar enfermedades de las enc\u00edas, pero las mujeres embarazadas, a causa de los cambios hormonales, se vuelven m\u00e1s susceptibles a la acumulaci\u00f3n de placa bacteriana en sus dientes. Com\u00fanmente en el segundo o tercer mes de embarazo,...","og_url":"https:\/\/www.advancedentalcostarica.com\/es\/salud-de-las-encias-y-el-embarazo\/","og_site_name":"Advance Dental Costa Rica","article_published_time":"2021-03-02T20:53:06+00:00","article_modified_time":"2021-03-02T20:57:48+00:00","og_image":[{"width":650,"height":434,"url":"https:\/\/www.advancedentalcostarica.com\/wp-content\/uploads\/2021\/03\/salud-de-las-encias-y-el-embarazo.jpg","type":"image\/jpeg"}],"author":"Advance Dental","twitter_misc":{"Written by":"Advance Dental","Est. reading time":"2 minutos"},"schema":{"@context":"https:\/\/schema.org","@graph":[{"@type":"Article","@id":"https:\/\/www.advancedentalcostarica.com\/es\/salud-de-las-encias-y-el-embarazo\/#article","isPartOf":{"@id":"https:\/\/www.advancedentalcostarica.com\/es\/salud-de-las-encias-y-el-embarazo\/"},"author":{"name":"Advance Dental","@id":"https:\/\/advancedentalcostarica.com\/#\/schema\/person\/ea1d113c0e760338d48223fa9c70749a"},"headline":"Salud de las Enc\u00edas y el Embarazo","datePublished":"2021-03-02T20:53:06+00:00","dateModified":"2021-03-02T20:57:48+00:00","mainEntityOfPage":{"@id":"https:\/\/www.advancedentalcostarica.com\/es\/salud-de-las-encias-y-el-embarazo\/"},"wordCount":468,"commentCount":0,"image":{"@id":"https:\/\/www.advancedentalcostarica.com\/es\/salud-de-las-encias-y-el-embarazo\/#primaryimage"},"thumbnailUrl":"https:\/\/www.advancedentalcostarica.com\/wp-content\/uploads\/2021\/03\/salud-de-las-encias-y-el-embarazo.jpg","articleSection":["Articulos"],"inLanguage":"es-CR","potentialAction":[{"@type":"CommentAction","name":"Comment","target":["https:\/\/www.advancedentalcostarica.com\/es\/salud-de-las-encias-y-el-embarazo\/#respond"]}]},{"@type":"WebPage","@id":"https:\/\/www.advancedentalcostarica.com\/es\/salud-de-las-encias-y-el-embarazo\/","url":"https:\/\/www.advancedentalcostarica.com\/es\/salud-de-las-encias-y-el-embarazo\/","name":"Salud de las Enc\u00edas y el Embarazo - Advance Dental Costa Rica","isPartOf":{"@id":"https:\/\/advancedentalcostarica.com\/#website"},"primaryImageOfPage":{"@id":"https:\/\/www.advancedentalcostarica.com\/es\/salud-de-las-encias-y-el-embarazo\/#primaryimage"},"image":{"@id":"https:\/\/www.advancedentalcostarica.com\/es\/salud-de-las-encias-y-el-embarazo\/#primaryimage"},"thumbnailUrl":"https:\/\/www.advancedentalcostarica.com\/wp-content\/uploads\/2021\/03\/salud-de-las-encias-y-el-embarazo.jpg","datePublished":"2021-03-02T20:53:06+00:00","dateModified":"2021-03-02T20:57:48+00:00","author":{"@id":"https:\/\/advancedentalcostarica.com\/#\/schema\/person\/ea1d113c0e760338d48223fa9c70749a"},"breadcrumb":{"@id":"https:\/\/www.advancedentalcostarica.com\/es\/salud-de-las-encias-y-el-embarazo\/#breadcrumb"},"inLanguage":"es-CR","potentialAction":[{"@type":"ReadAction","target":["https:\/\/www.advancedentalcostarica.com\/es\/salud-de-las-encias-y-el-embarazo\/"]}]},{"@type":"ImageObject","inLanguage":"es-CR","@id":"https:\/\/www.advancedentalcostarica.com\/es\/salud-de-las-encias-y-el-embarazo\/#primaryimage","url":"https:\/\/www.advancedentalcostarica.com\/wp-content\/uploads\/2021\/03\/salud-de-las-encias-y-el-embarazo.jpg","contentUrl":"https:\/\/www.advancedentalcostarica.com\/wp-content\/uploads\/2021\/03\/salud-de-las-encias-y-el-embarazo.jpg","width":650,"height":434,"caption":"Salud de las Enc\u00edas y el Embarazo"},{"@type":"BreadcrumbList","@id":"https:\/\/www.advancedentalcostarica.com\/es\/salud-de-las-encias-y-el-embarazo\/#breadcrumb","itemListElement":[{"@type":"ListItem","position":1,"name":"Home","item":"https:\/\/www.advancedentalcostarica.com\/es\/"},{"@type":"ListItem","position":2,"name":"Salud de las Enc\u00edas y el Embarazo"}]},{"@type":"WebSite","@id":"https:\/\/advancedentalcostarica.com\/#website","url":"https:\/\/advancedentalcostarica.com\/","name":"Advance Dental Costa Rica","description":"Dental Costs in Costa Rica - Procedures Prices","potentialAction":[{"@type":"SearchAction","target":{"@type":"EntryPoint","urlTemplate":"https:\/\/advancedentalcostarica.com\/?s={search_term_string}"},"query-input":{"@type":"PropertyValueSpecification","valueRequired":true,"valueName":"search_term_string"}}],"inLanguage":"es-CR"},{"@type":"Person","@id":"https:\/\/advancedentalcostarica.com\/#\/schema\/person\/ea1d113c0e760338d48223fa9c70749a","name":"Advance Dental","image":{"@type":"ImageObject","inLanguage":"es-CR","@id":"https:\/\/secure.gravatar.com\/avatar\/9807cd256cdcef675e07e173dfe4364a8eb716f8b176e23c62f91d6b4699781f?s=96&d=mm&r=g","url":"https:\/\/secure.gravatar.com\/avatar\/9807cd256cdcef675e07e173dfe4364a8eb716f8b176e23c62f91d6b4699781f?s=96&d=mm&r=g","contentUrl":"https:\/\/secure.gravatar.com\/avatar\/9807cd256cdcef675e07e173dfe4364a8eb716f8b176e23c62f91d6b4699781f?s=96&d=mm&r=g","caption":"Advance Dental"}}]}},"_links":{"self":[{"href":"https:\/\/www.advancedentalcostarica.com\/es\/wp-json\/wp\/v2\/posts\/11560","targetHints":{"allow":["GET"]}}],"collection":[{"href":"https:\/\/www.advancedentalcostarica.com\/es\/wp-json\/wp\/v2\/posts"}],"about":[{"href":"https:\/\/www.advancedentalcostarica.com\/es\/wp-json\/wp\/v2\/types\/post"}],"author":[{"embeddable":true,"href":"https:\/\/www.advancedentalcostarica.com\/es\/wp-json\/wp\/v2\/users\/1"}],"replies":[{"embeddable":true,"href":"https:\/\/www.advancedentalcostarica.com\/es\/wp-json\/wp\/v2\/comments?post=11560"}],"version-history":[{"count":3,"href":"https:\/\/www.advancedentalcostarica.com\/es\/wp-json\/wp\/v2\/posts\/11560\/revisions"}],"predecessor-version":[{"id":11565,"href":"https:\/\/www.advancedentalcostarica.com\/es\/wp-json\/wp\/v2\/posts\/11560\/revisions\/11565"}],"wp:featuredmedia":[{"embeddable":true,"href":"https:\/\/www.advancedentalcostarica.com\/es\/wp-json\/wp\/v2\/media\/11561"}],"wp:attachment":[{"href":"https:\/\/www.advancedentalcostarica.com\/es\/wp-json\/wp\/v2\/media?parent=11560"}],"wp:term":[{"taxonomy":"category","embeddable":true,"href":"https:\/\/www.advancedentalcostarica.com\/es\/wp-json\/wp\/v2\/categories?post=11560"},{"taxonomy":"post_tag","embeddable":true,"href":"https:\/\/www.advancedentalcostarica.com\/es\/wp-json\/wp\/v2\/tags?post=11560"}],"curies":[{"name":"wp","href":"https:\/\/api.w.org\/{rel}","templated":true}]}}